{"id":21657,"date":"2023-12-06T14:11:33","date_gmt":"2023-12-06T12:11:33","guid":{"rendered":"https:\/\/mercapalma.net\/?p=21657"},"modified":"2023-12-23T11:37:04","modified_gmt":"2023-12-23T09:37:04","slug":"50-anos-en-mercapalma-de-toni-bibiloni-ballester-en-bibifrut-s-l","status":"publish","type":"post","link":"https:\/\/mercapalma.net\/ca\/50-anos-en-mercapalma-de-toni-bibiloni-ballester-en-bibifrut-s-l\/","title":{"rendered":"50 a\u00f1os a MERCAPALMA: De Toni Bibiloni Ballester en Bibifrut, S.L."},"content":{"rendered":"<p>Entrevistam a Antoni Bibiloni i Quique Morales, propietaris de Bibifrut, S.L. Fa 50 anys Toni Bibiloni Ballester es va establir en Mercapalma, com a majorista de Fruites i Hortalisses i des de llavors ha anat creixent fins a convertir-se en la gran empresa que \u00e9s ara.<\/p>\n<p>Com van ser els inicis del vostre negoci?<\/p>\n<p>Toni: El meu padr\u00ed va comen\u00e7ar amb un carro, fent viatges des de Sant Jordi. Quan es va morir el cavall, van comprar un cami\u00f3, i cada dia anaven a Palma a vendre.<\/p>\n<p>Qu\u00e8 recorda d&#8217;aquells temps, de quan es va establir en Mercapalma?<\/p>\n<p>Toni: Vam ser dels primers a venir, del Mercat de l&#8217;Olivar. All\u00e0 era un lloc petit, i aqu\u00ed ja era m\u00e9s gran, amb un horari diferent, de les 6 a les 13, en canvi, a l&#8217;Olivar era jornada partida, mat\u00ed i horabaixa. El canvi va ser gran, a m\u00e9s, all\u00e0 est\u00e0vem molt a prop de casa i aqu\u00ed hav\u00edem de venir amb el cami\u00f3. A m\u00e9s, va comen\u00e7ar a entrar producte de fora, sobretot fruita, que arribava al port en vaixell.<\/p>\n<p>Quique: No hi havia tantes cambres, i a les 12 hav\u00edem de portar tot al bloc frigor\u00edfic, gestionat pel personal de Mercapalma.<\/p>\n<p>Toni: \u201cHav\u00edem de venir als horabaixes per a assecar el ra\u00efm. A difer\u00e8ncia d&#8217;ara, la gent el volia sec. \u201dEl meu padr\u00ed vivia en Mercapalma, els horabaixes donava menjar als moixos. Tenia el geni curt i va tenir alguna baralla.<\/p>\n<p>Com ha canviat Mercapalma des que va comen\u00e7ar?<\/p>\n<p>Quique: Era un \u201cmercat de passad\u00eds\u201d. Venia molta gent a comprar, de moltes botigues de barri. La gent no comprava tant com ara. Excepte quan arribava el ra\u00efm, tothom en volia.<\/p>\n<p>Toni: Ara es ven molt m\u00e9s, per\u00f2 ve molta menys gent.<\/p>\n<p>Quique: Nom\u00e9s podies vendre als pavellons. Els pavellons es van modernitzar, per\u00f2 ja tornen a estar obsolets.<\/p>\n<p>Toni: Molta gent ens demana productes de fora de temporada, abans ni se&#8217;ls passava pel cap.<\/p>\n<p>Quique: La fruita aguantava molt m\u00e9s que ara, perqu\u00e8 no hi havia canvis de temperatura, sempre era del temps.<\/p>\n<p>Qu\u00e8 ha estat el m\u00e9s gratificant del vostre treball?<\/p>\n<p>Toni: No he hagut de canviar mai de treball, bon senyal. Quan no venc a Mercapalma i estic de viatge, vaig a veure mercats.<\/p>\n<p>Quique: \u00c9s la nostra segona casa.<\/p>\n<p>Com ho fa per a mantenir-se competitiu en el mercat durant tants d&#8217;anys?<\/p>\n<p>Toni: Nosaltres som com a formiguetes. Sempre hem seguit la mateixa l\u00ednia: Molta feina per a conservar quota de mercat. Ser molt competitius.<\/p>\n<p>Quique: Relacions basades en la confian\u00e7a que dona fer les coses molt ben fetes. Per a nosaltres el comprom\u00eds \u00e9s sagrat.<\/p>\n<p>An\u00e8cdota:<br \/>\nFa molts anys, en el pavell\u00f3 IV, un majorista tenia uns pots d&#8217;olives en el puesto, que van acabar a Son Banya. El meu padr\u00ed va anar a buscar-los amb el cami\u00f3 i la policia.<br \/>\nTamb\u00e9 record a Tomeu Huguet, que sempre portava els doblers en el pit, i sempre pagava en efectiu.<\/p>\n<p>Despr\u00e9s de 50 anys, l&#8217;empresa ha crescut i est\u00e0 preparada per altres 50. Enhorabona!!!<\/p>\n","protected":false},"excerpt":{"rendered":"<p>Entrevistam a Antoni Bibiloni i Quique Morales, propietaris de Bibifrut, S.L. Fa 50 anys Toni Bibiloni Ballester es va establir en Mercapalma, com a majorista de Fruites i Hortalisses i des de llavors ha anat creixent fins a convertir-se en la gran empresa que \u00e9s ara. Com van ser els inicis del vostre negoci? Toni: [&hellip;]<\/p>\n","protected":false},"author":1,"featured_media":21669,"comment_status":"open","ping_status":"open","sticky":false,"template":"","format":"standard","meta":{"footnotes":""},"categories":[51],"tags":[],"class_list":["post-21657","post","type-post","status-publish","format-standard","has-post-thumbnail","hentry","category-noticies"],"yoast_head":"<!-- This site is optimized with the Yoast SEO plugin v27.0 - https:\/\/yoast.com\/product\/yoast-seo-wordpress\/ -->\n<title>50 a\u00f1os a MERCAPALMA: De Toni Bibiloni Ballester en Bibifrut, S.L. - Mercapalma<\/title>\n<meta name=\"robots\" content=\"index, follow, max-snippet:-1, max-image-preview:large, max-video-preview:-1\" \/>\n<link rel=\"canonical\" href=\"https:\/\/mercapalma.net\/50-anos-en-mercapalma-de-toni-bibiloni-ballester-a-bibifrut-s-l\/\" \/>\n<meta property=\"og:locale\" content=\"ca_ES\" \/>\n<meta property=\"og:type\" content=\"article\" \/>\n<meta property=\"og:title\" content=\"50 a\u00f1os a MERCAPALMA: De Toni Bibiloni Ballester en Bibifrut, S.L. - Mercapalma\" \/>\n<meta property=\"og:description\" content=\"Entrevistam a Antoni Bibiloni i Quique Morales, propietaris de Bibifrut, S.L. Fa 50 anys Toni Bibiloni Ballester es va establir en Mercapalma, com a majorista de Fruites i Hortalisses i des de llavors ha anat creixent fins a convertir-se en la gran empresa que \u00e9s ara. Com van ser els inicis del vostre negoci? Toni: [&hellip;]\" \/>\n<meta property=\"og:url\" content=\"https:\/\/mercapalma.net\/50-anos-en-mercapalma-de-toni-bibiloni-ballester-a-bibifrut-s-l\/\" \/>\n<meta property=\"og:site_name\" content=\"Mercapalma\" \/>\n<meta property=\"article:publisher\" content=\"https:\/\/www.facebook.com\/mercapalma.sa\" \/>\n<meta property=\"article:published_time\" content=\"2023-12-06T12:11:33+00:00\" \/>\n<meta property=\"article:modified_time\" content=\"2023-12-23T09:37:04+00:00\" \/>\n<meta property=\"og:image\" content=\"https:\/\/mercapalma.net\/wp-content\/uploads\/Captura-de-Pantalla-2023-12-06-a-las-13.12.51.png\" \/>\n\t<meta property=\"og:image:width\" content=\"806\" \/>\n\t<meta property=\"og:image:height\" content=\"436\" \/>\n\t<meta property=\"og:image:type\" content=\"image\/png\" \/>\n<meta name=\"author\" content=\"autoripress\" \/>\n<meta name=\"twitter:card\" content=\"summary_large_image\" \/>\n<meta name=\"twitter:label1\" content=\"Escrit per\" \/>\n\t<meta name=\"twitter:data1\" content=\"autoripress\" \/>\n\t<meta name=\"twitter:label2\" content=\"Temps estimat de lectura\" \/>\n\t<meta name=\"twitter:data2\" content=\"3 minuts\" \/>\n<script type=\"application\/ld+json\" class=\"yoast-schema-graph\">{\"@context\":\"https:\/\/schema.org\",\"@graph\":[{\"@type\":\"Article\",\"@id\":\"https:\/\/mercapalma.net\/50-anos-en-mercapalma-de-toni-bibiloni-ballester-a-bibifrut-s-l\/#article\",\"isPartOf\":{\"@id\":\"https:\/\/mercapalma.net\/50-anos-en-mercapalma-de-toni-bibiloni-ballester-a-bibifrut-s-l\/\"},\"author\":{\"name\":\"autoripress\",\"@id\":\"https:\/\/mercapalma.net\/#\/schema\/person\/f20a2f005e0e12144d39fa2fc1496057\"},\"headline\":\"50 a\u00f1os a MERCAPALMA: De Toni Bibiloni Ballester en Bibifrut, S.L.\",\"datePublished\":\"2023-12-06T12:11:33+00:00\",\"dateModified\":\"2023-12-23T09:37:04+00:00\",\"mainEntityOfPage\":{\"@id\":\"https:\/\/mercapalma.net\/50-anos-en-mercapalma-de-toni-bibiloni-ballester-a-bibifrut-s-l\/\"},\"wordCount\":546,\"commentCount\":0,\"publisher\":{\"@id\":\"https:\/\/mercapalma.net\/#organization\"},\"image\":{\"@id\":\"https:\/\/mercapalma.net\/50-anos-en-mercapalma-de-toni-bibiloni-ballester-a-bibifrut-s-l\/#primaryimage\"},\"thumbnailUrl\":\"https:\/\/mercapalma.net\/wp-content\/uploads\/Captura-de-Pantalla-2023-12-06-a-las-13.12.51.png\",\"articleSection\":[\"Noticies\"],\"inLanguage\":\"ca\",\"potentialAction\":[{\"@type\":\"CommentAction\",\"name\":\"Comment\",\"target\":[\"https:\/\/mercapalma.net\/50-anos-en-mercapalma-de-toni-bibiloni-ballester-a-bibifrut-s-l\/#respond\"]}]},{\"@type\":\"WebPage\",\"@id\":\"https:\/\/mercapalma.net\/50-anos-en-mercapalma-de-toni-bibiloni-ballester-a-bibifrut-s-l\/\",\"url\":\"https:\/\/mercapalma.net\/50-anos-en-mercapalma-de-toni-bibiloni-ballester-a-bibifrut-s-l\/\",\"name\":\"50 a\u00f1os a MERCAPALMA: De Toni Bibiloni Ballester en Bibifrut, S.L. - Mercapalma\",\"isPartOf\":{\"@id\":\"https:\/\/mercapalma.net\/#website\"},\"primaryImageOfPage\":{\"@id\":\"https:\/\/mercapalma.net\/50-anos-en-mercapalma-de-toni-bibiloni-ballester-a-bibifrut-s-l\/#primaryimage\"},\"image\":{\"@id\":\"https:\/\/mercapalma.net\/50-anos-en-mercapalma-de-toni-bibiloni-ballester-a-bibifrut-s-l\/#primaryimage\"},\"thumbnailUrl\":\"https:\/\/mercapalma.net\/wp-content\/uploads\/Captura-de-Pantalla-2023-12-06-a-las-13.12.51.png\",\"datePublished\":\"2023-12-06T12:11:33+00:00\",\"dateModified\":\"2023-12-23T09:37:04+00:00\",\"breadcrumb\":{\"@id\":\"https:\/\/mercapalma.net\/50-anos-en-mercapalma-de-toni-bibiloni-ballester-a-bibifrut-s-l\/#breadcrumb\"},\"inLanguage\":\"ca\",\"potentialAction\":[{\"@type\":\"ReadAction\",\"target\":[\"https:\/\/mercapalma.net\/50-anos-en-mercapalma-de-toni-bibiloni-ballester-a-bibifrut-s-l\/\"]}]},{\"@type\":\"ImageObject\",\"inLanguage\":\"ca\",\"@id\":\"https:\/\/mercapalma.net\/50-anos-en-mercapalma-de-toni-bibiloni-ballester-a-bibifrut-s-l\/#primaryimage\",\"url\":\"https:\/\/mercapalma.net\/wp-content\/uploads\/Captura-de-Pantalla-2023-12-06-a-las-13.12.51.png\",\"contentUrl\":\"https:\/\/mercapalma.net\/wp-content\/uploads\/Captura-de-Pantalla-2023-12-06-a-las-13.12.51.png\",\"width\":806,\"height\":436},{\"@type\":\"BreadcrumbList\",\"@id\":\"https:\/\/mercapalma.net\/50-anos-en-mercapalma-de-toni-bibiloni-ballester-a-bibifrut-s-l\/#breadcrumb\",\"itemListElement\":[{\"@type\":\"ListItem\",\"position\":1,\"name\":\"Portada\",\"item\":\"https:\/\/mercapalma.net\/ca\/\"},{\"@type\":\"ListItem\",\"position\":2,\"name\":\"50 a\u00f1os a MERCAPALMA: De Toni Bibiloni Ballester en Bibifrut, S.L.\"}]},{\"@type\":\"WebSite\",\"@id\":\"https:\/\/mercapalma.net\/#website\",\"url\":\"https:\/\/mercapalma.net\/\",\"name\":\"Mercapalma\",\"description\":\"Mercados centrales de abastecimientos de Mallorca\",\"publisher\":{\"@id\":\"https:\/\/mercapalma.net\/#organization\"},\"potentialAction\":[{\"@type\":\"SearchAction\",\"target\":{\"@type\":\"EntryPoint\",\"urlTemplate\":\"https:\/\/mercapalma.net\/?s={search_term_string}\"},\"query-input\":{\"@type\":\"PropertyValueSpecification\",\"valueRequired\":true,\"valueName\":\"search_term_string\"}}],\"inLanguage\":\"ca\"},{\"@type\":\"Organization\",\"@id\":\"https:\/\/mercapalma.net\/#organization\",\"name\":\"Mercapalma\",\"url\":\"https:\/\/mercapalma.net\/\",\"logo\":{\"@type\":\"ImageObject\",\"inLanguage\":\"ca\",\"@id\":\"https:\/\/mercapalma.net\/#\/schema\/logo\/image\/\",\"url\":\"https:\/\/mercapalma.net\/wp-content\/uploads\/mercapalma.jpeg\",\"contentUrl\":\"https:\/\/mercapalma.net\/wp-content\/uploads\/mercapalma.jpeg\",\"width\":324,\"height\":200,\"caption\":\"Mercapalma\"},\"image\":{\"@id\":\"https:\/\/mercapalma.net\/#\/schema\/logo\/image\/\"},\"sameAs\":[\"https:\/\/www.facebook.com\/mercapalma.sa\",\"https:\/\/www.instagram.com\/mercapalma\/\"]},{\"@type\":\"Person\",\"@id\":\"https:\/\/mercapalma.net\/#\/schema\/person\/f20a2f005e0e12144d39fa2fc1496057\",\"name\":\"autoripress\",\"image\":{\"@type\":\"ImageObject\",\"inLanguage\":\"ca\",\"@id\":\"https:\/\/mercapalma.net\/#\/schema\/person\/image\/\",\"url\":\"https:\/\/secure.gravatar.com\/avatar\/8e23460bf094742a301ecd4741c5b42b22f6fd944b7a3e55260bb476eccfd123?s=96&d=mm&r=g\",\"contentUrl\":\"https:\/\/secure.gravatar.com\/avatar\/8e23460bf094742a301ecd4741c5b42b22f6fd944b7a3e55260bb476eccfd123?s=96&d=mm&r=g\",\"caption\":\"autoripress\"},\"sameAs\":[\"https:\/\/mercapalma.net\"],\"url\":\"https:\/\/mercapalma.net\/ca\/author\/autoripress\/\"}]}<\/script>\n<!-- \/ Yoast SEO plugin. -->","yoast_head_json":{"title":"50 a\u00f1os a MERCAPALMA: De Toni Bibiloni Ballester en Bibifrut, S.L. - Mercapalma","robots":{"index":"index","follow":"follow","max-snippet":"max-snippet:-1","max-image-preview":"max-image-preview:large","max-video-preview":"max-video-preview:-1"},"canonical":"https:\/\/mercapalma.net\/50-anos-en-mercapalma-de-toni-bibiloni-ballester-a-bibifrut-s-l\/","og_locale":"ca_ES","og_type":"article","og_title":"50 a\u00f1os a MERCAPALMA: De Toni Bibiloni Ballester en Bibifrut, S.L. - Mercapalma","og_description":"Entrevistam a Antoni Bibiloni i Quique Morales, propietaris de Bibifrut, S.L. Fa 50 anys Toni Bibiloni Ballester es va establir en Mercapalma, com a majorista de Fruites i Hortalisses i des de llavors ha anat creixent fins a convertir-se en la gran empresa que \u00e9s ara. Com van ser els inicis del vostre negoci? Toni: [&hellip;]","og_url":"https:\/\/mercapalma.net\/50-anos-en-mercapalma-de-toni-bibiloni-ballester-a-bibifrut-s-l\/","og_site_name":"Mercapalma","article_publisher":"https:\/\/www.facebook.com\/mercapalma.sa","article_published_time":"2023-12-06T12:11:33+00:00","article_modified_time":"2023-12-23T09:37:04+00:00","og_image":[{"width":806,"height":436,"url":"https:\/\/mercapalma.net\/wp-content\/uploads\/Captura-de-Pantalla-2023-12-06-a-las-13.12.51.png","type":"image\/png"}],"author":"autoripress","twitter_card":"summary_large_image","twitter_misc":{"Escrit per":"autoripress","Temps estimat de lectura":"3 minuts"},"schema":{"@context":"https:\/\/schema.org","@graph":[{"@type":"Article","@id":"https:\/\/mercapalma.net\/50-anos-en-mercapalma-de-toni-bibiloni-ballester-a-bibifrut-s-l\/#article","isPartOf":{"@id":"https:\/\/mercapalma.net\/50-anos-en-mercapalma-de-toni-bibiloni-ballester-a-bibifrut-s-l\/"},"author":{"name":"autoripress","@id":"https:\/\/mercapalma.net\/#\/schema\/person\/f20a2f005e0e12144d39fa2fc1496057"},"headline":"50 a\u00f1os a MERCAPALMA: De Toni Bibiloni Ballester en Bibifrut, S.L.","datePublished":"2023-12-06T12:11:33+00:00","dateModified":"2023-12-23T09:37:04+00:00","mainEntityOfPage":{"@id":"https:\/\/mercapalma.net\/50-anos-en-mercapalma-de-toni-bibiloni-ballester-a-bibifrut-s-l\/"},"wordCount":546,"commentCount":0,"publisher":{"@id":"https:\/\/mercapalma.net\/#organization"},"image":{"@id":"https:\/\/mercapalma.net\/50-anos-en-mercapalma-de-toni-bibiloni-ballester-a-bibifrut-s-l\/#primaryimage"},"thumbnailUrl":"https:\/\/mercapalma.net\/wp-content\/uploads\/Captura-de-Pantalla-2023-12-06-a-las-13.12.51.png","articleSection":["Noticies"],"inLanguage":"ca","potentialAction":[{"@type":"CommentAction","name":"Comment","target":["https:\/\/mercapalma.net\/50-anos-en-mercapalma-de-toni-bibiloni-ballester-a-bibifrut-s-l\/#respond"]}]},{"@type":"WebPage","@id":"https:\/\/mercapalma.net\/50-anos-en-mercapalma-de-toni-bibiloni-ballester-a-bibifrut-s-l\/","url":"https:\/\/mercapalma.net\/50-anos-en-mercapalma-de-toni-bibiloni-ballester-a-bibifrut-s-l\/","name":"50 a\u00f1os a MERCAPALMA: De Toni Bibiloni Ballester en Bibifrut, S.L. - Mercapalma","isPartOf":{"@id":"https:\/\/mercapalma.net\/#website"},"primaryImageOfPage":{"@id":"https:\/\/mercapalma.net\/50-anos-en-mercapalma-de-toni-bibiloni-ballester-a-bibifrut-s-l\/#primaryimage"},"image":{"@id":"https:\/\/mercapalma.net\/50-anos-en-mercapalma-de-toni-bibiloni-ballester-a-bibifrut-s-l\/#primaryimage"},"thumbnailUrl":"https:\/\/mercapalma.net\/wp-content\/uploads\/Captura-de-Pantalla-2023-12-06-a-las-13.12.51.png","datePublished":"2023-12-06T12:11:33+00:00","dateModified":"2023-12-23T09:37:04+00:00","breadcrumb":{"@id":"https:\/\/mercapalma.net\/50-anos-en-mercapalma-de-toni-bibiloni-ballester-a-bibifrut-s-l\/#breadcrumb"},"inLanguage":"ca","potentialAction":[{"@type":"ReadAction","target":["https:\/\/mercapalma.net\/50-anos-en-mercapalma-de-toni-bibiloni-ballester-a-bibifrut-s-l\/"]}]},{"@type":"ImageObject","inLanguage":"ca","@id":"https:\/\/mercapalma.net\/50-anos-en-mercapalma-de-toni-bibiloni-ballester-a-bibifrut-s-l\/#primaryimage","url":"https:\/\/mercapalma.net\/wp-content\/uploads\/Captura-de-Pantalla-2023-12-06-a-las-13.12.51.png","contentUrl":"https:\/\/mercapalma.net\/wp-content\/uploads\/Captura-de-Pantalla-2023-12-06-a-las-13.12.51.png","width":806,"height":436},{"@type":"BreadcrumbList","@id":"https:\/\/mercapalma.net\/50-anos-en-mercapalma-de-toni-bibiloni-ballester-a-bibifrut-s-l\/#breadcrumb","itemListElement":[{"@type":"ListItem","position":1,"name":"Portada","item":"https:\/\/mercapalma.net\/ca\/"},{"@type":"ListItem","position":2,"name":"50 a\u00f1os a MERCAPALMA: De Toni Bibiloni Ballester en Bibifrut, S.L."}]},{"@type":"WebSite","@id":"https:\/\/mercapalma.net\/#website","url":"https:\/\/mercapalma.net\/","name":"Mercapalma","description":"Mercados centrales de abastecimientos de Mallorca","publisher":{"@id":"https:\/\/mercapalma.net\/#organization"},"potentialAction":[{"@type":"SearchAction","target":{"@type":"EntryPoint","urlTemplate":"https:\/\/mercapalma.net\/?s={search_term_string}"},"query-input":{"@type":"PropertyValueSpecification","valueRequired":true,"valueName":"search_term_string"}}],"inLanguage":"ca"},{"@type":"Organization","@id":"https:\/\/mercapalma.net\/#organization","name":"Mercapalma","url":"https:\/\/mercapalma.net\/","logo":{"@type":"ImageObject","inLanguage":"ca","@id":"https:\/\/mercapalma.net\/#\/schema\/logo\/image\/","url":"https:\/\/mercapalma.net\/wp-content\/uploads\/mercapalma.jpeg","contentUrl":"https:\/\/mercapalma.net\/wp-content\/uploads\/mercapalma.jpeg","width":324,"height":200,"caption":"Mercapalma"},"image":{"@id":"https:\/\/mercapalma.net\/#\/schema\/logo\/image\/"},"sameAs":["https:\/\/www.facebook.com\/mercapalma.sa","https:\/\/www.instagram.com\/mercapalma\/"]},{"@type":"Person","@id":"https:\/\/mercapalma.net\/#\/schema\/person\/f20a2f005e0e12144d39fa2fc1496057","name":"autoripress","image":{"@type":"ImageObject","inLanguage":"ca","@id":"https:\/\/mercapalma.net\/#\/schema\/person\/image\/","url":"https:\/\/secure.gravatar.com\/avatar\/8e23460bf094742a301ecd4741c5b42b22f6fd944b7a3e55260bb476eccfd123?s=96&d=mm&r=g","contentUrl":"https:\/\/secure.gravatar.com\/avatar\/8e23460bf094742a301ecd4741c5b42b22f6fd944b7a3e55260bb476eccfd123?s=96&d=mm&r=g","caption":"autoripress"},"sameAs":["https:\/\/mercapalma.net"],"url":"https:\/\/mercapalma.net\/ca\/author\/autoripress\/"}]}},"_links":{"self":[{"href":"https:\/\/mercapalma.net\/ca\/wp-json\/wp\/v2\/posts\/21657","targetHints":{"allow":["GET"]}}],"collection":[{"href":"https:\/\/mercapalma.net\/ca\/wp-json\/wp\/v2\/posts"}],"about":[{"href":"https:\/\/mercapalma.net\/ca\/wp-json\/wp\/v2\/types\/post"}],"author":[{"embeddable":true,"href":"https:\/\/mercapalma.net\/ca\/wp-json\/wp\/v2\/users\/1"}],"replies":[{"embeddable":true,"href":"https:\/\/mercapalma.net\/ca\/wp-json\/wp\/v2\/comments?post=21657"}],"version-history":[{"count":3,"href":"https:\/\/mercapalma.net\/ca\/wp-json\/wp\/v2\/posts\/21657\/revisions"}],"predecessor-version":[{"id":21696,"href":"https:\/\/mercapalma.net\/ca\/wp-json\/wp\/v2\/posts\/21657\/revisions\/21696"}],"wp:featuredmedia":[{"embeddable":true,"href":"https:\/\/mercapalma.net\/ca\/wp-json\/wp\/v2\/media\/21669"}],"wp:attachment":[{"href":"https:\/\/mercapalma.net\/ca\/wp-json\/wp\/v2\/media?parent=21657"}],"wp:term":[{"taxonomy":"category","embeddable":true,"href":"https:\/\/mercapalma.net\/ca\/wp-json\/wp\/v2\/categories?post=21657"},{"taxonomy":"post_tag","embeddable":true,"href":"https:\/\/mercapalma.net\/ca\/wp-json\/wp\/v2\/tags?post=21657"}],"curies":[{"name":"wp","href":"https:\/\/api.w.org\/{rel}","templated":true}]}}