{"id":21194,"date":"2023-05-18T13:00:20","date_gmt":"2023-05-18T11:00:20","guid":{"rendered":"https:\/\/mercapalma.net\/?p=21194"},"modified":"2023-06-11T21:32:24","modified_gmt":"2023-06-11T19:32:24","slug":"21194","status":"publish","type":"post","link":"https:\/\/mercapalma.net\/ca\/21194\/","title":{"rendered":"L&#8217;ONCE dedica un cup\u00f3 al 50 aniversari de Mercapalma, el major centre log\u00edstic i de comercialitzaci\u00f3 agroaliment\u00e0ria de les Illes Balears"},"content":{"rendered":"<p>El 50 aniversari de Mercapalma \u00e9s el motiu del cup\u00f3 de l&#8217;ONCE del diumenge, 4 de juny. Cinc milions i mig de cupons difondran el major centre log\u00edstic i de comercialitzaci\u00f3 agroaliment\u00e0ria de les Illes Balears.<\/p>\n<p>Jos\u00e9 Antonio Toledo, delegat de l&#8217;ONCE i Jeroni Barb\u00f3n, director gerent de Mercapalma, acompanyats de Maribel Fullana, adjunta a Direcci\u00f3 i Jos\u00e9 Miguel Garc\u00eda, cap de Mercat, han presentat aquest cup\u00f3.<\/p>\n<p>En 1973 neix Mercapalma, amb l&#8217;objectiu de promocionar i organitzar els diferents mercats majoristes de Palma i oferir els serveis complementaris necessaris per al bon funcionament del mercat prestant un servei essencial a la poblaci\u00f3 com \u00e9s el prove\u00efment d&#8217;aliments frescos i de qualitat. Actualment, contribueix a l&#8217;escur\u00e7ament de la cadena comercial i col\u00b7labora en el desenvolupament de la comercialitzaci\u00f3 del producte local.<\/p>\n<p>Des de la seva inauguraci\u00f3 han sortit de les seves instal\u00b7lacions m\u00e9s de 7 milions de tones de fruites, verdures i hortalisses fresques.<\/p>\n<p>Mercapalma \u00e9s una empresa p\u00fablica els accionistes de la qual s\u00f3n l&#8217;Ajuntament de Palma i l&#8217;empresa estatal Mercasa que proveeix de productes alimentosos a una poblaci\u00f3 total de m\u00e9s de 12,5 milions de persones. Compta amb al voltant de 380.000 metres quadrats i m\u00e9s de 90 100 empreses. A les seves instal\u00b7lacions acudeixen di\u00e0riament m\u00e9s de 2.800 vehicles i 2.300 usuaris (entre compradors i treballadors).<\/p>\n<p>Mercapalma concentra la major oferta d&#8217;empreses, activitats i productes relacionats amb el sector de l&#8217;alimentaci\u00f3 de Balears en una superf\u00edcie distribu\u00efda en zones diferenciades. Set pavellons: dos de fruites i verdures i cinc polivalents; la zona d&#8217;activitats complement\u00e0ries, locals comercials i oficines i el Situat de productors o Mercat pag\u00e9s (6.300 metres quadrats, en els quals uns 40 pagessos presenten les fruites i hortalisses recentment recollides de les seves finques).<\/p>\n<p>Mercapalma aposta per la sostenibilitat i la circularitat, la reducci\u00f3 del desaprofitament alimentari i el suport al producte local.<\/p>\n<p>El Sueldazo del Cap de setmana de l&#8217;ONCE ofereix, tots els dissabtes i diumenges, un premi principal a les cinc xifres i s\u00e8rie de 300.000 euros, m\u00e9s 5.000 euros al mes durant 20 anys consecutius a un sol cup\u00f3. I premis de 2.000 euros al mes durant 10 anys consecutius, a altres quatre cupons.<\/p>\n<p>Els cupons de l&#8217;ONCE es comercialitzen pels m\u00e9s de 19.000 venedors i venedores de l&#8217;Organitzaci\u00f3. A m\u00e9s, es poden adquirir des de www.juegosonce.es, i en establiments col\u00b7laboradors autoritzats.<\/p>\n<p><img loading=\"lazy\" decoding=\"async\" class=\"size-full wp-image-21200 aligncenter\" src=\"https:\/\/mercapalma.net\/wp-content\/uploads\/WhatsApp-Image-2023-05-18-at-11.27.13.jpeg\" alt=\"\" width=\"1024\" height=\"768\" srcset=\"https:\/\/mercapalma.net\/wp-content\/uploads\/WhatsApp-Image-2023-05-18-at-11.27.13.jpeg 1024w, https:\/\/mercapalma.net\/wp-content\/uploads\/WhatsApp-Image-2023-05-18-at-11.27.13-768x576.jpeg 768w, https:\/\/mercapalma.net\/wp-content\/uploads\/WhatsApp-Image-2023-05-18-at-11.27.13-705x529.jpeg 705w\" sizes=\"auto, (max-width: 1024px) 100vw, 1024px\" \/><\/p>\n","protected":false},"excerpt":{"rendered":"<p>El 50 aniversari de Mercapalma \u00e9s el motiu del cup\u00f3 de l&#8217;ONCE del diumenge, 4 de juny. Cinc milions i mig de cupons difondran el major centre log\u00edstic i de comercialitzaci\u00f3 agroaliment\u00e0ria de les Illes Balears. Jos\u00e9 Antonio Toledo, delegat de l&#8217;ONCE i Jeroni Barb\u00f3n, director gerent de Mercapalma, acompanyats de Maribel Fullana, adjunta a [&hellip;]<\/p>\n","protected":false},"author":1,"featured_media":21200,"comment_status":"open","ping_status":"open","sticky":false,"template":"","format":"standard","meta":{"footnotes":""},"categories":[51],"tags":[],"class_list":["post-21194","post","type-post","status-publish","format-standard","has-post-thumbnail","hentry","category-noticies"],"yoast_head":"<!-- This site is optimized with the Yoast SEO plugin v27.0 - https:\/\/yoast.com\/product\/yoast-seo-wordpress\/ -->\n<title>L&#039;ONCE dedica un cup\u00f3 al 50 aniversari de Mercapalma, el major centre log\u00edstic i de comercialitzaci\u00f3 agroaliment\u00e0ria de les Illes Balears - Mercapalma<\/title>\n<meta name=\"robots\" content=\"index, follow, max-snippet:-1, max-image-preview:large, max-video-preview:-1\" \/>\n<link rel=\"canonical\" href=\"https:\/\/mercapalma.net\/la-once-dedica-un-cupon-al-50-aniversario-de-mercapalma-el-mayor-centro-logistico-y-de-comercializacion-agroalimentaria-de-las-illes-balears\/\" \/>\n<meta property=\"og:locale\" content=\"ca_ES\" \/>\n<meta property=\"og:type\" content=\"article\" \/>\n<meta property=\"og:title\" content=\"L&#039;ONCE dedica un cup\u00f3 al 50 aniversari de Mercapalma, el major centre log\u00edstic i de comercialitzaci\u00f3 agroaliment\u00e0ria de les Illes Balears - Mercapalma\" \/>\n<meta property=\"og:description\" content=\"El 50 aniversari de Mercapalma \u00e9s el motiu del cup\u00f3 de l&#8217;ONCE del diumenge, 4 de juny. Cinc milions i mig de cupons difondran el major centre log\u00edstic i de comercialitzaci\u00f3 agroaliment\u00e0ria de les Illes Balears. Jos\u00e9 Antonio Toledo, delegat de l&#8217;ONCE i Jeroni Barb\u00f3n, director gerent de Mercapalma, acompanyats de Maribel Fullana, adjunta a [&hellip;]\" \/>\n<meta property=\"og:url\" content=\"https:\/\/mercapalma.net\/la-once-dedica-un-cupon-al-50-aniversario-de-mercapalma-el-mayor-centro-logistico-y-de-comercializacion-agroalimentaria-de-las-illes-balears\/\" \/>\n<meta property=\"og:site_name\" content=\"Mercapalma\" \/>\n<meta property=\"article:publisher\" content=\"https:\/\/www.facebook.com\/mercapalma.sa\" \/>\n<meta property=\"article:published_time\" content=\"2023-05-18T11:00:20+00:00\" \/>\n<meta property=\"article:modified_time\" content=\"2023-06-11T19:32:24+00:00\" \/>\n<meta property=\"og:image\" content=\"https:\/\/mercapalma.net\/wp-content\/uploads\/WhatsApp-Image-2023-05-18-at-11.27.13.jpeg\" \/>\n\t<meta property=\"og:image:width\" content=\"1024\" \/>\n\t<meta property=\"og:image:height\" content=\"768\" \/>\n\t<meta property=\"og:image:type\" content=\"image\/jpeg\" \/>\n<meta name=\"author\" content=\"autoripress\" \/>\n<meta name=\"twitter:card\" content=\"summary_large_image\" \/>\n<meta name=\"twitter:label1\" content=\"Escrit per\" \/>\n\t<meta name=\"twitter:data1\" content=\"autoripress\" \/>\n\t<meta name=\"twitter:label2\" content=\"Temps estimat de lectura\" \/>\n\t<meta name=\"twitter:data2\" content=\"2 minuts\" \/>\n<script type=\"application\/ld+json\" class=\"yoast-schema-graph\">{\"@context\":\"https:\/\/schema.org\",\"@graph\":[{\"@type\":\"Article\",\"@id\":\"https:\/\/mercapalma.net\/la-once-dedica-un-cupon-al-50-aniversario-de-mercapalma-el-mayor-centro-logistico-y-de-comercializacion-agroalimentaria-de-las-illes-balears\/#article\",\"isPartOf\":{\"@id\":\"https:\/\/mercapalma.net\/la-once-dedica-un-cupon-al-50-aniversario-de-mercapalma-el-mayor-centro-logistico-y-de-comercializacion-agroalimentaria-de-las-illes-balears\/\"},\"author\":{\"name\":\"autoripress\",\"@id\":\"https:\/\/mercapalma.net\/#\/schema\/person\/f20a2f005e0e12144d39fa2fc1496057\"},\"headline\":\"L&#8217;ONCE dedica un cup\u00f3 al 50 aniversari de Mercapalma, el major centre log\u00edstic i de comercialitzaci\u00f3 agroaliment\u00e0ria de les Illes Balears\",\"datePublished\":\"2023-05-18T11:00:20+00:00\",\"dateModified\":\"2023-06-11T19:32:24+00:00\",\"mainEntityOfPage\":{\"@id\":\"https:\/\/mercapalma.net\/la-once-dedica-un-cupon-al-50-aniversario-de-mercapalma-el-mayor-centro-logistico-y-de-comercializacion-agroalimentaria-de-las-illes-balears\/\"},\"wordCount\":434,\"commentCount\":0,\"publisher\":{\"@id\":\"https:\/\/mercapalma.net\/#organization\"},\"image\":{\"@id\":\"https:\/\/mercapalma.net\/la-once-dedica-un-cupon-al-50-aniversario-de-mercapalma-el-mayor-centro-logistico-y-de-comercializacion-agroalimentaria-de-las-illes-balears\/#primaryimage\"},\"thumbnailUrl\":\"https:\/\/mercapalma.net\/wp-content\/uploads\/WhatsApp-Image-2023-05-18-at-11.27.13.jpeg\",\"articleSection\":[\"Noticies\"],\"inLanguage\":\"ca\",\"potentialAction\":[{\"@type\":\"CommentAction\",\"name\":\"Comment\",\"target\":[\"https:\/\/mercapalma.net\/la-once-dedica-un-cupon-al-50-aniversario-de-mercapalma-el-mayor-centro-logistico-y-de-comercializacion-agroalimentaria-de-las-illes-balears\/#respond\"]}]},{\"@type\":\"WebPage\",\"@id\":\"https:\/\/mercapalma.net\/la-once-dedica-un-cupon-al-50-aniversario-de-mercapalma-el-mayor-centro-logistico-y-de-comercializacion-agroalimentaria-de-las-illes-balears\/\",\"url\":\"https:\/\/mercapalma.net\/la-once-dedica-un-cupon-al-50-aniversario-de-mercapalma-el-mayor-centro-logistico-y-de-comercializacion-agroalimentaria-de-las-illes-balears\/\",\"name\":\"L'ONCE dedica un cup\u00f3 al 50 aniversari de Mercapalma, el major centre log\u00edstic i de comercialitzaci\u00f3 agroaliment\u00e0ria de les Illes Balears - Mercapalma\",\"isPartOf\":{\"@id\":\"https:\/\/mercapalma.net\/#website\"},\"primaryImageOfPage\":{\"@id\":\"https:\/\/mercapalma.net\/la-once-dedica-un-cupon-al-50-aniversario-de-mercapalma-el-mayor-centro-logistico-y-de-comercializacion-agroalimentaria-de-las-illes-balears\/#primaryimage\"},\"image\":{\"@id\":\"https:\/\/mercapalma.net\/la-once-dedica-un-cupon-al-50-aniversario-de-mercapalma-el-mayor-centro-logistico-y-de-comercializacion-agroalimentaria-de-las-illes-balears\/#primaryimage\"},\"thumbnailUrl\":\"https:\/\/mercapalma.net\/wp-content\/uploads\/WhatsApp-Image-2023-05-18-at-11.27.13.jpeg\",\"datePublished\":\"2023-05-18T11:00:20+00:00\",\"dateModified\":\"2023-06-11T19:32:24+00:00\",\"breadcrumb\":{\"@id\":\"https:\/\/mercapalma.net\/la-once-dedica-un-cupon-al-50-aniversario-de-mercapalma-el-mayor-centro-logistico-y-de-comercializacion-agroalimentaria-de-las-illes-balears\/#breadcrumb\"},\"inLanguage\":\"ca\",\"potentialAction\":[{\"@type\":\"ReadAction\",\"target\":[\"https:\/\/mercapalma.net\/la-once-dedica-un-cupon-al-50-aniversario-de-mercapalma-el-mayor-centro-logistico-y-de-comercializacion-agroalimentaria-de-las-illes-balears\/\"]}]},{\"@type\":\"ImageObject\",\"inLanguage\":\"ca\",\"@id\":\"https:\/\/mercapalma.net\/la-once-dedica-un-cupon-al-50-aniversario-de-mercapalma-el-mayor-centro-logistico-y-de-comercializacion-agroalimentaria-de-las-illes-balears\/#primaryimage\",\"url\":\"https:\/\/mercapalma.net\/wp-content\/uploads\/WhatsApp-Image-2023-05-18-at-11.27.13.jpeg\",\"contentUrl\":\"https:\/\/mercapalma.net\/wp-content\/uploads\/WhatsApp-Image-2023-05-18-at-11.27.13.jpeg\",\"width\":1024,\"height\":768},{\"@type\":\"BreadcrumbList\",\"@id\":\"https:\/\/mercapalma.net\/la-once-dedica-un-cupon-al-50-aniversario-de-mercapalma-el-mayor-centro-logistico-y-de-comercializacion-agroalimentaria-de-las-illes-balears\/#breadcrumb\",\"itemListElement\":[{\"@type\":\"ListItem\",\"position\":1,\"name\":\"Portada\",\"item\":\"https:\/\/mercapalma.net\/ca\/\"},{\"@type\":\"ListItem\",\"position\":2,\"name\":\"L&#8217;ONCE dedica un cup\u00f3 al 50 aniversari de Mercapalma, el major centre log\u00edstic i de comercialitzaci\u00f3 agroaliment\u00e0ria de les Illes Balears\"}]},{\"@type\":\"WebSite\",\"@id\":\"https:\/\/mercapalma.net\/#website\",\"url\":\"https:\/\/mercapalma.net\/\",\"name\":\"Mercapalma\",\"description\":\"Mercados centrales de abastecimientos de Mallorca\",\"publisher\":{\"@id\":\"https:\/\/mercapalma.net\/#organization\"},\"potentialAction\":[{\"@type\":\"SearchAction\",\"target\":{\"@type\":\"EntryPoint\",\"urlTemplate\":\"https:\/\/mercapalma.net\/?s={search_term_string}\"},\"query-input\":{\"@type\":\"PropertyValueSpecification\",\"valueRequired\":true,\"valueName\":\"search_term_string\"}}],\"inLanguage\":\"ca\"},{\"@type\":\"Organization\",\"@id\":\"https:\/\/mercapalma.net\/#organization\",\"name\":\"Mercapalma\",\"url\":\"https:\/\/mercapalma.net\/\",\"logo\":{\"@type\":\"ImageObject\",\"inLanguage\":\"ca\",\"@id\":\"https:\/\/mercapalma.net\/#\/schema\/logo\/image\/\",\"url\":\"https:\/\/mercapalma.net\/wp-content\/uploads\/mercapalma.jpeg\",\"contentUrl\":\"https:\/\/mercapalma.net\/wp-content\/uploads\/mercapalma.jpeg\",\"width\":324,\"height\":200,\"caption\":\"Mercapalma\"},\"image\":{\"@id\":\"https:\/\/mercapalma.net\/#\/schema\/logo\/image\/\"},\"sameAs\":[\"https:\/\/www.facebook.com\/mercapalma.sa\",\"https:\/\/www.instagram.com\/mercapalma\/\"]},{\"@type\":\"Person\",\"@id\":\"https:\/\/mercapalma.net\/#\/schema\/person\/f20a2f005e0e12144d39fa2fc1496057\",\"name\":\"autoripress\",\"image\":{\"@type\":\"ImageObject\",\"inLanguage\":\"ca\",\"@id\":\"https:\/\/mercapalma.net\/#\/schema\/person\/image\/\",\"url\":\"https:\/\/secure.gravatar.com\/avatar\/8e23460bf094742a301ecd4741c5b42b22f6fd944b7a3e55260bb476eccfd123?s=96&d=mm&r=g\",\"contentUrl\":\"https:\/\/secure.gravatar.com\/avatar\/8e23460bf094742a301ecd4741c5b42b22f6fd944b7a3e55260bb476eccfd123?s=96&d=mm&r=g\",\"caption\":\"autoripress\"},\"sameAs\":[\"https:\/\/mercapalma.net\"],\"url\":\"https:\/\/mercapalma.net\/ca\/author\/autoripress\/\"}]}<\/script>\n<!-- \/ Yoast SEO plugin. -->","yoast_head_json":{"title":"L'ONCE dedica un cup\u00f3 al 50 aniversari de Mercapalma, el major centre log\u00edstic i de comercialitzaci\u00f3 agroaliment\u00e0ria de les Illes Balears - Mercapalma","robots":{"index":"index","follow":"follow","max-snippet":"max-snippet:-1","max-image-preview":"max-image-preview:large","max-video-preview":"max-video-preview:-1"},"canonical":"https:\/\/mercapalma.net\/la-once-dedica-un-cupon-al-50-aniversario-de-mercapalma-el-mayor-centro-logistico-y-de-comercializacion-agroalimentaria-de-las-illes-balears\/","og_locale":"ca_ES","og_type":"article","og_title":"L'ONCE dedica un cup\u00f3 al 50 aniversari de Mercapalma, el major centre log\u00edstic i de comercialitzaci\u00f3 agroaliment\u00e0ria de les Illes Balears - Mercapalma","og_description":"El 50 aniversari de Mercapalma \u00e9s el motiu del cup\u00f3 de l&#8217;ONCE del diumenge, 4 de juny. Cinc milions i mig de cupons difondran el major centre log\u00edstic i de comercialitzaci\u00f3 agroaliment\u00e0ria de les Illes Balears. Jos\u00e9 Antonio Toledo, delegat de l&#8217;ONCE i Jeroni Barb\u00f3n, director gerent de Mercapalma, acompanyats de Maribel Fullana, adjunta a [&hellip;]","og_url":"https:\/\/mercapalma.net\/la-once-dedica-un-cupon-al-50-aniversario-de-mercapalma-el-mayor-centro-logistico-y-de-comercializacion-agroalimentaria-de-las-illes-balears\/","og_site_name":"Mercapalma","article_publisher":"https:\/\/www.facebook.com\/mercapalma.sa","article_published_time":"2023-05-18T11:00:20+00:00","article_modified_time":"2023-06-11T19:32:24+00:00","og_image":[{"width":1024,"height":768,"url":"https:\/\/mercapalma.net\/wp-content\/uploads\/WhatsApp-Image-2023-05-18-at-11.27.13.jpeg","type":"image\/jpeg"}],"author":"autoripress","twitter_card":"summary_large_image","twitter_misc":{"Escrit per":"autoripress","Temps estimat de lectura":"2 minuts"},"schema":{"@context":"https:\/\/schema.org","@graph":[{"@type":"Article","@id":"https:\/\/mercapalma.net\/la-once-dedica-un-cupon-al-50-aniversario-de-mercapalma-el-mayor-centro-logistico-y-de-comercializacion-agroalimentaria-de-las-illes-balears\/#article","isPartOf":{"@id":"https:\/\/mercapalma.net\/la-once-dedica-un-cupon-al-50-aniversario-de-mercapalma-el-mayor-centro-logistico-y-de-comercializacion-agroalimentaria-de-las-illes-balears\/"},"author":{"name":"autoripress","@id":"https:\/\/mercapalma.net\/#\/schema\/person\/f20a2f005e0e12144d39fa2fc1496057"},"headline":"L&#8217;ONCE dedica un cup\u00f3 al 50 aniversari de Mercapalma, el major centre log\u00edstic i de comercialitzaci\u00f3 agroaliment\u00e0ria de les Illes Balears","datePublished":"2023-05-18T11:00:20+00:00","dateModified":"2023-06-11T19:32:24+00:00","mainEntityOfPage":{"@id":"https:\/\/mercapalma.net\/la-once-dedica-un-cupon-al-50-aniversario-de-mercapalma-el-mayor-centro-logistico-y-de-comercializacion-agroalimentaria-de-las-illes-balears\/"},"wordCount":434,"commentCount":0,"publisher":{"@id":"https:\/\/mercapalma.net\/#organization"},"image":{"@id":"https:\/\/mercapalma.net\/la-once-dedica-un-cupon-al-50-aniversario-de-mercapalma-el-mayor-centro-logistico-y-de-comercializacion-agroalimentaria-de-las-illes-balears\/#primaryimage"},"thumbnailUrl":"https:\/\/mercapalma.net\/wp-content\/uploads\/WhatsApp-Image-2023-05-18-at-11.27.13.jpeg","articleSection":["Noticies"],"inLanguage":"ca","potentialAction":[{"@type":"CommentAction","name":"Comment","target":["https:\/\/mercapalma.net\/la-once-dedica-un-cupon-al-50-aniversario-de-mercapalma-el-mayor-centro-logistico-y-de-comercializacion-agroalimentaria-de-las-illes-balears\/#respond"]}]},{"@type":"WebPage","@id":"https:\/\/mercapalma.net\/la-once-dedica-un-cupon-al-50-aniversario-de-mercapalma-el-mayor-centro-logistico-y-de-comercializacion-agroalimentaria-de-las-illes-balears\/","url":"https:\/\/mercapalma.net\/la-once-dedica-un-cupon-al-50-aniversario-de-mercapalma-el-mayor-centro-logistico-y-de-comercializacion-agroalimentaria-de-las-illes-balears\/","name":"L'ONCE dedica un cup\u00f3 al 50 aniversari de Mercapalma, el major centre log\u00edstic i de comercialitzaci\u00f3 agroaliment\u00e0ria de les Illes Balears - Mercapalma","isPartOf":{"@id":"https:\/\/mercapalma.net\/#website"},"primaryImageOfPage":{"@id":"https:\/\/mercapalma.net\/la-once-dedica-un-cupon-al-50-aniversario-de-mercapalma-el-mayor-centro-logistico-y-de-comercializacion-agroalimentaria-de-las-illes-balears\/#primaryimage"},"image":{"@id":"https:\/\/mercapalma.net\/la-once-dedica-un-cupon-al-50-aniversario-de-mercapalma-el-mayor-centro-logistico-y-de-comercializacion-agroalimentaria-de-las-illes-balears\/#primaryimage"},"thumbnailUrl":"https:\/\/mercapalma.net\/wp-content\/uploads\/WhatsApp-Image-2023-05-18-at-11.27.13.jpeg","datePublished":"2023-05-18T11:00:20+00:00","dateModified":"2023-06-11T19:32:24+00:00","breadcrumb":{"@id":"https:\/\/mercapalma.net\/la-once-dedica-un-cupon-al-50-aniversario-de-mercapalma-el-mayor-centro-logistico-y-de-comercializacion-agroalimentaria-de-las-illes-balears\/#breadcrumb"},"inLanguage":"ca","potentialAction":[{"@type":"ReadAction","target":["https:\/\/mercapalma.net\/la-once-dedica-un-cupon-al-50-aniversario-de-mercapalma-el-mayor-centro-logistico-y-de-comercializacion-agroalimentaria-de-las-illes-balears\/"]}]},{"@type":"ImageObject","inLanguage":"ca","@id":"https:\/\/mercapalma.net\/la-once-dedica-un-cupon-al-50-aniversario-de-mercapalma-el-mayor-centro-logistico-y-de-comercializacion-agroalimentaria-de-las-illes-balears\/#primaryimage","url":"https:\/\/mercapalma.net\/wp-content\/uploads\/WhatsApp-Image-2023-05-18-at-11.27.13.jpeg","contentUrl":"https:\/\/mercapalma.net\/wp-content\/uploads\/WhatsApp-Image-2023-05-18-at-11.27.13.jpeg","width":1024,"height":768},{"@type":"BreadcrumbList","@id":"https:\/\/mercapalma.net\/la-once-dedica-un-cupon-al-50-aniversario-de-mercapalma-el-mayor-centro-logistico-y-de-comercializacion-agroalimentaria-de-las-illes-balears\/#breadcrumb","itemListElement":[{"@type":"ListItem","position":1,"name":"Portada","item":"https:\/\/mercapalma.net\/ca\/"},{"@type":"ListItem","position":2,"name":"L&#8217;ONCE dedica un cup\u00f3 al 50 aniversari de Mercapalma, el major centre log\u00edstic i de comercialitzaci\u00f3 agroaliment\u00e0ria de les Illes Balears"}]},{"@type":"WebSite","@id":"https:\/\/mercapalma.net\/#website","url":"https:\/\/mercapalma.net\/","name":"Mercapalma","description":"Mercados centrales de abastecimientos de Mallorca","publisher":{"@id":"https:\/\/mercapalma.net\/#organization"},"potentialAction":[{"@type":"SearchAction","target":{"@type":"EntryPoint","urlTemplate":"https:\/\/mercapalma.net\/?s={search_term_string}"},"query-input":{"@type":"PropertyValueSpecification","valueRequired":true,"valueName":"search_term_string"}}],"inLanguage":"ca"},{"@type":"Organization","@id":"https:\/\/mercapalma.net\/#organization","name":"Mercapalma","url":"https:\/\/mercapalma.net\/","logo":{"@type":"ImageObject","inLanguage":"ca","@id":"https:\/\/mercapalma.net\/#\/schema\/logo\/image\/","url":"https:\/\/mercapalma.net\/wp-content\/uploads\/mercapalma.jpeg","contentUrl":"https:\/\/mercapalma.net\/wp-content\/uploads\/mercapalma.jpeg","width":324,"height":200,"caption":"Mercapalma"},"image":{"@id":"https:\/\/mercapalma.net\/#\/schema\/logo\/image\/"},"sameAs":["https:\/\/www.facebook.com\/mercapalma.sa","https:\/\/www.instagram.com\/mercapalma\/"]},{"@type":"Person","@id":"https:\/\/mercapalma.net\/#\/schema\/person\/f20a2f005e0e12144d39fa2fc1496057","name":"autoripress","image":{"@type":"ImageObject","inLanguage":"ca","@id":"https:\/\/mercapalma.net\/#\/schema\/person\/image\/","url":"https:\/\/secure.gravatar.com\/avatar\/8e23460bf094742a301ecd4741c5b42b22f6fd944b7a3e55260bb476eccfd123?s=96&d=mm&r=g","contentUrl":"https:\/\/secure.gravatar.com\/avatar\/8e23460bf094742a301ecd4741c5b42b22f6fd944b7a3e55260bb476eccfd123?s=96&d=mm&r=g","caption":"autoripress"},"sameAs":["https:\/\/mercapalma.net"],"url":"https:\/\/mercapalma.net\/ca\/author\/autoripress\/"}]}},"_links":{"self":[{"href":"https:\/\/mercapalma.net\/ca\/wp-json\/wp\/v2\/posts\/21194","targetHints":{"allow":["GET"]}}],"collection":[{"href":"https:\/\/mercapalma.net\/ca\/wp-json\/wp\/v2\/posts"}],"about":[{"href":"https:\/\/mercapalma.net\/ca\/wp-json\/wp\/v2\/types\/post"}],"author":[{"embeddable":true,"href":"https:\/\/mercapalma.net\/ca\/wp-json\/wp\/v2\/users\/1"}],"replies":[{"embeddable":true,"href":"https:\/\/mercapalma.net\/ca\/wp-json\/wp\/v2\/comments?post=21194"}],"version-history":[{"count":0,"href":"https:\/\/mercapalma.net\/ca\/wp-json\/wp\/v2\/posts\/21194\/revisions"}],"wp:featuredmedia":[{"embeddable":true,"href":"https:\/\/mercapalma.net\/ca\/wp-json\/wp\/v2\/media\/21200"}],"wp:attachment":[{"href":"https:\/\/mercapalma.net\/ca\/wp-json\/wp\/v2\/media?parent=21194"}],"wp:term":[{"taxonomy":"category","embeddable":true,"href":"https:\/\/mercapalma.net\/ca\/wp-json\/wp\/v2\/categories?post=21194"},{"taxonomy":"post_tag","embeddable":true,"href":"https:\/\/mercapalma.net\/ca\/wp-json\/wp\/v2\/tags?post=21194"}],"curies":[{"name":"wp","href":"https:\/\/api.w.org\/{rel}","templated":true}]}}