{"id":18486,"date":"2021-08-02T12:42:05","date_gmt":"2021-08-02T12:42:05","guid":{"rendered":"https:\/\/mercapalma.net\/?p=18486"},"modified":"2021-08-02T12:42:05","modified_gmt":"2021-08-02T12:42:05","slug":"10-recomanacions-per-a-prevenir-intoxicacions-alimentaries-a-lestiu","status":"publish","type":"post","link":"https:\/\/mercapalma.net\/ca\/10-recomanacions-per-a-prevenir-intoxicacions-alimentaries-a-lestiu\/","title":{"rendered":"10 recomanacions per a prevenir intoxicacions aliment\u00e0ries a l&#8217;estiu"},"content":{"rendered":"<p>L&#8217;estiu \u00e9s una \u00e8poca de\u00a0calor, de\u00a0vacances\u00a0i de passar-ho b\u00e9 gaudint amb els teus\u00a0amics i fam\u00edlia, per\u00f2 tamb\u00e9 \u00e9s un per\u00edode en el qual hem de tenir m\u00e9s cura encara amb les\u00a0toxiinfeccions aliment\u00e0ries.<\/p>\n<p>Qu\u00e8 s\u00f3n? S\u00f3n aquelles malalties que es produeixen per la\u00a0ingesti\u00f3 d&#8217;aliments amb pres\u00e8ncia de g\u00e8rmens pat\u00f2gens o les seves toxines. Aix\u00ed, la malaltia pot tenir el seu\u00a0origen\u00a0en la ingesti\u00f3 de\u00a0bacteris\u00a0o\u00a0virus\u00a0vehiculats en l&#8217;aliment (infecci\u00f3), o de\u00a0toxines\u00a0produ\u00efdes per aquelles pr\u00e8viament\u00a0formades en l&#8217;aliment\u00a0(intoxicaci\u00f3), o per formes parasit\u00e0ries en fases concretes del seu cicle evolutiu (infestaci\u00f3).<\/p>\n<p>Si vols veure quines s\u00f3n les m\u00e9s comunes, fes clic en aquest <a href=\"https:\/\/www.revistaalimentaria.es\/consumidora\/alimentos-de-temporada\/10-recomendaciones-para-prevenir-intoxicaciones-alimentarias-en-verano?utm_campaign=31072021-consumidora&amp;utm_medium=email&amp;utm_source=acumbamail\" target=\"_blank\" rel=\"noopener\"><strong><span style=\"color: #0000ff;\">enlla\u00e7<\/span><\/strong><\/a>.<\/p>\n","protected":false},"excerpt":{"rendered":"<p>L&#8217;estiu \u00e9s una \u00e8poca de\u00a0calor, de\u00a0vacances\u00a0i de passar-ho b\u00e9 gaudint amb els teus\u00a0amics i fam\u00edlia, per\u00f2 tamb\u00e9 \u00e9s un per\u00edode en el qual hem de tenir m\u00e9s cura encara amb les\u00a0toxiinfeccions aliment\u00e0ries. Qu\u00e8 s\u00f3n? S\u00f3n aquelles malalties que es produeixen per la\u00a0ingesti\u00f3 d&#8217;aliments amb pres\u00e8ncia de g\u00e8rmens pat\u00f2gens o les seves toxines. Aix\u00ed, la malaltia [&hellip;]<\/p>\n","protected":false},"author":1,"featured_media":18483,"comment_status":"open","ping_status":"open","sticky":false,"template":"","format":"standard","meta":{"footnotes":""},"categories":[51],"tags":[],"class_list":["post-18486","post","type-post","status-publish","format-standard","has-post-thumbnail","hentry","category-noticies"],"yoast_head":"<!-- This site is optimized with the Yoast SEO plugin v27.0 - https:\/\/yoast.com\/product\/yoast-seo-wordpress\/ -->\n<title>10 recomanacions per a prevenir intoxicacions aliment\u00e0ries a l&#039;estiu - Mercapalma<\/title>\n<meta name=\"robots\" content=\"index, follow, max-snippet:-1, max-image-preview:large, max-video-preview:-1\" \/>\n<link rel=\"canonical\" href=\"https:\/\/mercapalma.net\/10-recomendaciones-para-prevenir-intoxicaciones-alimentarias-en-verano\/\" \/>\n<meta property=\"og:locale\" content=\"ca_ES\" \/>\n<meta property=\"og:type\" content=\"article\" \/>\n<meta property=\"og:title\" content=\"10 recomanacions per a prevenir intoxicacions aliment\u00e0ries a l&#039;estiu - Mercapalma\" \/>\n<meta property=\"og:description\" content=\"L&#8217;estiu \u00e9s una \u00e8poca de\u00a0calor, de\u00a0vacances\u00a0i de passar-ho b\u00e9 gaudint amb els teus\u00a0amics i fam\u00edlia, per\u00f2 tamb\u00e9 \u00e9s un per\u00edode en el qual hem de tenir m\u00e9s cura encara amb les\u00a0toxiinfeccions aliment\u00e0ries. Qu\u00e8 s\u00f3n? S\u00f3n aquelles malalties que es produeixen per la\u00a0ingesti\u00f3 d&#8217;aliments amb pres\u00e8ncia de g\u00e8rmens pat\u00f2gens o les seves toxines. Aix\u00ed, la malaltia [&hellip;]\" \/>\n<meta property=\"og:url\" content=\"https:\/\/mercapalma.net\/10-recomendaciones-para-prevenir-intoxicaciones-alimentarias-en-verano\/\" \/>\n<meta property=\"og:site_name\" content=\"Mercapalma\" \/>\n<meta property=\"article:publisher\" content=\"https:\/\/www.facebook.com\/mercapalma.sa\" \/>\n<meta property=\"article:published_time\" content=\"2021-08-02T12:42:05+00:00\" \/>\n<meta property=\"og:image\" content=\"https:\/\/mercapalma.net\/wp-content\/uploads\/verano_mercapalma.png\" \/>\n\t<meta property=\"og:image:width\" content=\"934\" \/>\n\t<meta property=\"og:image:height\" content=\"489\" \/>\n\t<meta property=\"og:image:type\" content=\"image\/png\" \/>\n<meta name=\"author\" content=\"autoripress\" \/>\n<meta name=\"twitter:card\" content=\"summary_large_image\" \/>\n<meta name=\"twitter:label1\" content=\"Escrit per\" \/>\n\t<meta name=\"twitter:data1\" content=\"autoripress\" \/>\n\t<meta name=\"twitter:label2\" content=\"Temps estimat de lectura\" \/>\n\t<meta name=\"twitter:data2\" content=\"1 minut\" \/>\n<script type=\"application\/ld+json\" class=\"yoast-schema-graph\">{\"@context\":\"https:\/\/schema.org\",\"@graph\":[{\"@type\":\"Article\",\"@id\":\"https:\/\/mercapalma.net\/10-recomendaciones-para-prevenir-intoxicaciones-alimentarias-en-verano\/#article\",\"isPartOf\":{\"@id\":\"https:\/\/mercapalma.net\/10-recomendaciones-para-prevenir-intoxicaciones-alimentarias-en-verano\/\"},\"author\":{\"name\":\"autoripress\",\"@id\":\"https:\/\/mercapalma.net\/#\/schema\/person\/f20a2f005e0e12144d39fa2fc1496057\"},\"headline\":\"10 recomanacions per a prevenir intoxicacions aliment\u00e0ries a l&#8217;estiu\",\"datePublished\":\"2021-08-02T12:42:05+00:00\",\"mainEntityOfPage\":{\"@id\":\"https:\/\/mercapalma.net\/10-recomendaciones-para-prevenir-intoxicaciones-alimentarias-en-verano\/\"},\"wordCount\":141,\"commentCount\":0,\"publisher\":{\"@id\":\"https:\/\/mercapalma.net\/#organization\"},\"image\":{\"@id\":\"https:\/\/mercapalma.net\/10-recomendaciones-para-prevenir-intoxicaciones-alimentarias-en-verano\/#primaryimage\"},\"thumbnailUrl\":\"https:\/\/mercapalma.net\/wp-content\/uploads\/verano_mercapalma.png\",\"articleSection\":[\"Noticies\"],\"inLanguage\":\"ca\",\"potentialAction\":[{\"@type\":\"CommentAction\",\"name\":\"Comment\",\"target\":[\"https:\/\/mercapalma.net\/10-recomendaciones-para-prevenir-intoxicaciones-alimentarias-en-verano\/#respond\"]}]},{\"@type\":\"WebPage\",\"@id\":\"https:\/\/mercapalma.net\/10-recomendaciones-para-prevenir-intoxicaciones-alimentarias-en-verano\/\",\"url\":\"https:\/\/mercapalma.net\/10-recomendaciones-para-prevenir-intoxicaciones-alimentarias-en-verano\/\",\"name\":\"10 recomanacions per a prevenir intoxicacions aliment\u00e0ries a l'estiu - Mercapalma\",\"isPartOf\":{\"@id\":\"https:\/\/mercapalma.net\/#website\"},\"primaryImageOfPage\":{\"@id\":\"https:\/\/mercapalma.net\/10-recomendaciones-para-prevenir-intoxicaciones-alimentarias-en-verano\/#primaryimage\"},\"image\":{\"@id\":\"https:\/\/mercapalma.net\/10-recomendaciones-para-prevenir-intoxicaciones-alimentarias-en-verano\/#primaryimage\"},\"thumbnailUrl\":\"https:\/\/mercapalma.net\/wp-content\/uploads\/verano_mercapalma.png\",\"datePublished\":\"2021-08-02T12:42:05+00:00\",\"breadcrumb\":{\"@id\":\"https:\/\/mercapalma.net\/10-recomendaciones-para-prevenir-intoxicaciones-alimentarias-en-verano\/#breadcrumb\"},\"inLanguage\":\"ca\",\"potentialAction\":[{\"@type\":\"ReadAction\",\"target\":[\"https:\/\/mercapalma.net\/10-recomendaciones-para-prevenir-intoxicaciones-alimentarias-en-verano\/\"]}]},{\"@type\":\"ImageObject\",\"inLanguage\":\"ca\",\"@id\":\"https:\/\/mercapalma.net\/10-recomendaciones-para-prevenir-intoxicaciones-alimentarias-en-verano\/#primaryimage\",\"url\":\"https:\/\/mercapalma.net\/wp-content\/uploads\/verano_mercapalma.png\",\"contentUrl\":\"https:\/\/mercapalma.net\/wp-content\/uploads\/verano_mercapalma.png\",\"width\":934,\"height\":489},{\"@type\":\"BreadcrumbList\",\"@id\":\"https:\/\/mercapalma.net\/10-recomendaciones-para-prevenir-intoxicaciones-alimentarias-en-verano\/#breadcrumb\",\"itemListElement\":[{\"@type\":\"ListItem\",\"position\":1,\"name\":\"Portada\",\"item\":\"https:\/\/mercapalma.net\/ca\/\"},{\"@type\":\"ListItem\",\"position\":2,\"name\":\"10 recomanacions per a prevenir intoxicacions aliment\u00e0ries a l&#8217;estiu\"}]},{\"@type\":\"WebSite\",\"@id\":\"https:\/\/mercapalma.net\/#website\",\"url\":\"https:\/\/mercapalma.net\/\",\"name\":\"Mercapalma\",\"description\":\"Mercados centrales de abastecimientos de Mallorca\",\"publisher\":{\"@id\":\"https:\/\/mercapalma.net\/#organization\"},\"potentialAction\":[{\"@type\":\"SearchAction\",\"target\":{\"@type\":\"EntryPoint\",\"urlTemplate\":\"https:\/\/mercapalma.net\/?s={search_term_string}\"},\"query-input\":{\"@type\":\"PropertyValueSpecification\",\"valueRequired\":true,\"valueName\":\"search_term_string\"}}],\"inLanguage\":\"ca\"},{\"@type\":\"Organization\",\"@id\":\"https:\/\/mercapalma.net\/#organization\",\"name\":\"Mercapalma\",\"url\":\"https:\/\/mercapalma.net\/\",\"logo\":{\"@type\":\"ImageObject\",\"inLanguage\":\"ca\",\"@id\":\"https:\/\/mercapalma.net\/#\/schema\/logo\/image\/\",\"url\":\"https:\/\/mercapalma.net\/wp-content\/uploads\/mercapalma.jpeg\",\"contentUrl\":\"https:\/\/mercapalma.net\/wp-content\/uploads\/mercapalma.jpeg\",\"width\":324,\"height\":200,\"caption\":\"Mercapalma\"},\"image\":{\"@id\":\"https:\/\/mercapalma.net\/#\/schema\/logo\/image\/\"},\"sameAs\":[\"https:\/\/www.facebook.com\/mercapalma.sa\",\"https:\/\/www.instagram.com\/mercapalma\/\"]},{\"@type\":\"Person\",\"@id\":\"https:\/\/mercapalma.net\/#\/schema\/person\/f20a2f005e0e12144d39fa2fc1496057\",\"name\":\"autoripress\",\"image\":{\"@type\":\"ImageObject\",\"inLanguage\":\"ca\",\"@id\":\"https:\/\/mercapalma.net\/#\/schema\/person\/image\/\",\"url\":\"https:\/\/secure.gravatar.com\/avatar\/8e23460bf094742a301ecd4741c5b42b22f6fd944b7a3e55260bb476eccfd123?s=96&d=mm&r=g\",\"contentUrl\":\"https:\/\/secure.gravatar.com\/avatar\/8e23460bf094742a301ecd4741c5b42b22f6fd944b7a3e55260bb476eccfd123?s=96&d=mm&r=g\",\"caption\":\"autoripress\"},\"sameAs\":[\"https:\/\/mercapalma.net\"],\"url\":\"https:\/\/mercapalma.net\/ca\/author\/autoripress\/\"}]}<\/script>\n<!-- \/ Yoast SEO plugin. -->","yoast_head_json":{"title":"10 recomanacions per a prevenir intoxicacions aliment\u00e0ries a l'estiu - Mercapalma","robots":{"index":"index","follow":"follow","max-snippet":"max-snippet:-1","max-image-preview":"max-image-preview:large","max-video-preview":"max-video-preview:-1"},"canonical":"https:\/\/mercapalma.net\/10-recomendaciones-para-prevenir-intoxicaciones-alimentarias-en-verano\/","og_locale":"ca_ES","og_type":"article","og_title":"10 recomanacions per a prevenir intoxicacions aliment\u00e0ries a l'estiu - Mercapalma","og_description":"L&#8217;estiu \u00e9s una \u00e8poca de\u00a0calor, de\u00a0vacances\u00a0i de passar-ho b\u00e9 gaudint amb els teus\u00a0amics i fam\u00edlia, per\u00f2 tamb\u00e9 \u00e9s un per\u00edode en el qual hem de tenir m\u00e9s cura encara amb les\u00a0toxiinfeccions aliment\u00e0ries. Qu\u00e8 s\u00f3n? S\u00f3n aquelles malalties que es produeixen per la\u00a0ingesti\u00f3 d&#8217;aliments amb pres\u00e8ncia de g\u00e8rmens pat\u00f2gens o les seves toxines. Aix\u00ed, la malaltia [&hellip;]","og_url":"https:\/\/mercapalma.net\/10-recomendaciones-para-prevenir-intoxicaciones-alimentarias-en-verano\/","og_site_name":"Mercapalma","article_publisher":"https:\/\/www.facebook.com\/mercapalma.sa","article_published_time":"2021-08-02T12:42:05+00:00","og_image":[{"width":934,"height":489,"url":"https:\/\/mercapalma.net\/wp-content\/uploads\/verano_mercapalma.png","type":"image\/png"}],"author":"autoripress","twitter_card":"summary_large_image","twitter_misc":{"Escrit per":"autoripress","Temps estimat de lectura":"1 minut"},"schema":{"@context":"https:\/\/schema.org","@graph":[{"@type":"Article","@id":"https:\/\/mercapalma.net\/10-recomendaciones-para-prevenir-intoxicaciones-alimentarias-en-verano\/#article","isPartOf":{"@id":"https:\/\/mercapalma.net\/10-recomendaciones-para-prevenir-intoxicaciones-alimentarias-en-verano\/"},"author":{"name":"autoripress","@id":"https:\/\/mercapalma.net\/#\/schema\/person\/f20a2f005e0e12144d39fa2fc1496057"},"headline":"10 recomanacions per a prevenir intoxicacions aliment\u00e0ries a l&#8217;estiu","datePublished":"2021-08-02T12:42:05+00:00","mainEntityOfPage":{"@id":"https:\/\/mercapalma.net\/10-recomendaciones-para-prevenir-intoxicaciones-alimentarias-en-verano\/"},"wordCount":141,"commentCount":0,"publisher":{"@id":"https:\/\/mercapalma.net\/#organization"},"image":{"@id":"https:\/\/mercapalma.net\/10-recomendaciones-para-prevenir-intoxicaciones-alimentarias-en-verano\/#primaryimage"},"thumbnailUrl":"https:\/\/mercapalma.net\/wp-content\/uploads\/verano_mercapalma.png","articleSection":["Noticies"],"inLanguage":"ca","potentialAction":[{"@type":"CommentAction","name":"Comment","target":["https:\/\/mercapalma.net\/10-recomendaciones-para-prevenir-intoxicaciones-alimentarias-en-verano\/#respond"]}]},{"@type":"WebPage","@id":"https:\/\/mercapalma.net\/10-recomendaciones-para-prevenir-intoxicaciones-alimentarias-en-verano\/","url":"https:\/\/mercapalma.net\/10-recomendaciones-para-prevenir-intoxicaciones-alimentarias-en-verano\/","name":"10 recomanacions per a prevenir intoxicacions aliment\u00e0ries a l'estiu - Mercapalma","isPartOf":{"@id":"https:\/\/mercapalma.net\/#website"},"primaryImageOfPage":{"@id":"https:\/\/mercapalma.net\/10-recomendaciones-para-prevenir-intoxicaciones-alimentarias-en-verano\/#primaryimage"},"image":{"@id":"https:\/\/mercapalma.net\/10-recomendaciones-para-prevenir-intoxicaciones-alimentarias-en-verano\/#primaryimage"},"thumbnailUrl":"https:\/\/mercapalma.net\/wp-content\/uploads\/verano_mercapalma.png","datePublished":"2021-08-02T12:42:05+00:00","breadcrumb":{"@id":"https:\/\/mercapalma.net\/10-recomendaciones-para-prevenir-intoxicaciones-alimentarias-en-verano\/#breadcrumb"},"inLanguage":"ca","potentialAction":[{"@type":"ReadAction","target":["https:\/\/mercapalma.net\/10-recomendaciones-para-prevenir-intoxicaciones-alimentarias-en-verano\/"]}]},{"@type":"ImageObject","inLanguage":"ca","@id":"https:\/\/mercapalma.net\/10-recomendaciones-para-prevenir-intoxicaciones-alimentarias-en-verano\/#primaryimage","url":"https:\/\/mercapalma.net\/wp-content\/uploads\/verano_mercapalma.png","contentUrl":"https:\/\/mercapalma.net\/wp-content\/uploads\/verano_mercapalma.png","width":934,"height":489},{"@type":"BreadcrumbList","@id":"https:\/\/mercapalma.net\/10-recomendaciones-para-prevenir-intoxicaciones-alimentarias-en-verano\/#breadcrumb","itemListElement":[{"@type":"ListItem","position":1,"name":"Portada","item":"https:\/\/mercapalma.net\/ca\/"},{"@type":"ListItem","position":2,"name":"10 recomanacions per a prevenir intoxicacions aliment\u00e0ries a l&#8217;estiu"}]},{"@type":"WebSite","@id":"https:\/\/mercapalma.net\/#website","url":"https:\/\/mercapalma.net\/","name":"Mercapalma","description":"Mercados centrales de abastecimientos de Mallorca","publisher":{"@id":"https:\/\/mercapalma.net\/#organization"},"potentialAction":[{"@type":"SearchAction","target":{"@type":"EntryPoint","urlTemplate":"https:\/\/mercapalma.net\/?s={search_term_string}"},"query-input":{"@type":"PropertyValueSpecification","valueRequired":true,"valueName":"search_term_string"}}],"inLanguage":"ca"},{"@type":"Organization","@id":"https:\/\/mercapalma.net\/#organization","name":"Mercapalma","url":"https:\/\/mercapalma.net\/","logo":{"@type":"ImageObject","inLanguage":"ca","@id":"https:\/\/mercapalma.net\/#\/schema\/logo\/image\/","url":"https:\/\/mercapalma.net\/wp-content\/uploads\/mercapalma.jpeg","contentUrl":"https:\/\/mercapalma.net\/wp-content\/uploads\/mercapalma.jpeg","width":324,"height":200,"caption":"Mercapalma"},"image":{"@id":"https:\/\/mercapalma.net\/#\/schema\/logo\/image\/"},"sameAs":["https:\/\/www.facebook.com\/mercapalma.sa","https:\/\/www.instagram.com\/mercapalma\/"]},{"@type":"Person","@id":"https:\/\/mercapalma.net\/#\/schema\/person\/f20a2f005e0e12144d39fa2fc1496057","name":"autoripress","image":{"@type":"ImageObject","inLanguage":"ca","@id":"https:\/\/mercapalma.net\/#\/schema\/person\/image\/","url":"https:\/\/secure.gravatar.com\/avatar\/8e23460bf094742a301ecd4741c5b42b22f6fd944b7a3e55260bb476eccfd123?s=96&d=mm&r=g","contentUrl":"https:\/\/secure.gravatar.com\/avatar\/8e23460bf094742a301ecd4741c5b42b22f6fd944b7a3e55260bb476eccfd123?s=96&d=mm&r=g","caption":"autoripress"},"sameAs":["https:\/\/mercapalma.net"],"url":"https:\/\/mercapalma.net\/ca\/author\/autoripress\/"}]}},"_links":{"self":[{"href":"https:\/\/mercapalma.net\/ca\/wp-json\/wp\/v2\/posts\/18486","targetHints":{"allow":["GET"]}}],"collection":[{"href":"https:\/\/mercapalma.net\/ca\/wp-json\/wp\/v2\/posts"}],"about":[{"href":"https:\/\/mercapalma.net\/ca\/wp-json\/wp\/v2\/types\/post"}],"author":[{"embeddable":true,"href":"https:\/\/mercapalma.net\/ca\/wp-json\/wp\/v2\/users\/1"}],"replies":[{"embeddable":true,"href":"https:\/\/mercapalma.net\/ca\/wp-json\/wp\/v2\/comments?post=18486"}],"version-history":[{"count":0,"href":"https:\/\/mercapalma.net\/ca\/wp-json\/wp\/v2\/posts\/18486\/revisions"}],"wp:featuredmedia":[{"embeddable":true,"href":"https:\/\/mercapalma.net\/ca\/wp-json\/wp\/v2\/media\/18483"}],"wp:attachment":[{"href":"https:\/\/mercapalma.net\/ca\/wp-json\/wp\/v2\/media?parent=18486"}],"wp:term":[{"taxonomy":"category","embeddable":true,"href":"https:\/\/mercapalma.net\/ca\/wp-json\/wp\/v2\/categories?post=18486"},{"taxonomy":"post_tag","embeddable":true,"href":"https:\/\/mercapalma.net\/ca\/wp-json\/wp\/v2\/tags?post=18486"}],"curies":[{"name":"wp","href":"https:\/\/api.w.org\/{rel}","templated":true}]}}