{"id":18476,"date":"2021-08-02T11:02:24","date_gmt":"2021-08-02T11:02:24","guid":{"rendered":"https:\/\/mercapalma.net\/?p=18476"},"modified":"2021-08-02T11:02:24","modified_gmt":"2021-08-02T11:02:24","slug":"mercapalma-col%c2%b7labora-amb-el-grup-guell","status":"publish","type":"post","link":"https:\/\/mercapalma.net\/ca\/mercapalma-col%c2%b7labora-amb-el-grup-guell\/","title":{"rendered":"Mercapalma col\u00b7labora amb el Grup G\u00fcell"},"content":{"rendered":"<p>A causa del gran \u00e8xit de la recollida d&#8217;aliments d&#8217;enguany per part del Grup G\u00fcell, que en aquests moments superen els 40.000 quilos, Mercapalma cedeix les seves instal\u00b7lacions de manera gratu\u00efta per a poder gestionar aquest volum de productes d&#8217;alimentaci\u00f3 destinats a les fam\u00edlies necessitades.<\/p>\n<p>El Grup G\u00fcell t\u00e9 com a objectiu organitzar esdeveniments que serveixin a la societat mallorquina per a millorar el seu estat de salut.<\/p>\n<p>MERCAPALMA, S. A. \u00e9s una entitat compromesa des de sempre amb projectes socials i una reconeguda col\u00b7laboradora amb institucions i associacions ben\u00e8fiques i, en particular, amb les relacionades amb l&#8217;activitat d&#8217;aprovisionament i distribuci\u00f3 d&#8217;aliments.<\/p>\n<p>El president del Grup G\u00fcell, Francisco Bauz\u00e1 va visitar les nostres instal\u00b7lacions i va ser rebut pel gerent de Mercapalma, Jeroni Barb\u00f3n.<\/p>\n","protected":false},"excerpt":{"rendered":"<p>A causa del gran \u00e8xit de la recollida d&#8217;aliments d&#8217;enguany per part del Grup G\u00fcell, que en aquests moments superen els 40.000 quilos, Mercapalma cedeix les seves instal\u00b7lacions de manera gratu\u00efta per a poder gestionar aquest volum de productes d&#8217;alimentaci\u00f3 destinats a les fam\u00edlies necessitades. El Grup G\u00fcell t\u00e9 com a objectiu organitzar esdeveniments que [&hellip;]<\/p>\n","protected":false},"author":1,"featured_media":18473,"comment_status":"open","ping_status":"open","sticky":false,"template":"","format":"standard","meta":{"footnotes":""},"categories":[51],"tags":[],"class_list":["post-18476","post","type-post","status-publish","format-standard","has-post-thumbnail","hentry","category-noticies"],"yoast_head":"<!-- This site is optimized with the Yoast SEO plugin v27.0 - https:\/\/yoast.com\/product\/yoast-seo-wordpress\/ -->\n<title>Mercapalma col\u00b7labora amb el Grup G\u00fcell - Mercapalma<\/title>\n<meta name=\"robots\" content=\"index, follow, max-snippet:-1, max-image-preview:large, max-video-preview:-1\" \/>\n<link rel=\"canonical\" href=\"https:\/\/mercapalma.net\/mercapalma-colabora-con-el-grup-guell\/\" \/>\n<meta property=\"og:locale\" content=\"ca_ES\" \/>\n<meta property=\"og:type\" content=\"article\" \/>\n<meta property=\"og:title\" content=\"Mercapalma col\u00b7labora amb el Grup G\u00fcell - Mercapalma\" \/>\n<meta property=\"og:description\" content=\"A causa del gran \u00e8xit de la recollida d&#8217;aliments d&#8217;enguany per part del Grup G\u00fcell, que en aquests moments superen els 40.000 quilos, Mercapalma cedeix les seves instal\u00b7lacions de manera gratu\u00efta per a poder gestionar aquest volum de productes d&#8217;alimentaci\u00f3 destinats a les fam\u00edlies necessitades. El Grup G\u00fcell t\u00e9 com a objectiu organitzar esdeveniments que [&hellip;]\" \/>\n<meta property=\"og:url\" content=\"https:\/\/mercapalma.net\/mercapalma-colabora-con-el-grup-guell\/\" \/>\n<meta property=\"og:site_name\" content=\"Mercapalma\" \/>\n<meta property=\"article:publisher\" content=\"https:\/\/www.facebook.com\/mercapalma.sa\" \/>\n<meta property=\"article:published_time\" content=\"2021-08-02T11:02:24+00:00\" \/>\n<meta property=\"og:image\" content=\"https:\/\/mercapalma.net\/wp-content\/uploads\/mercapalma-guell.jpeg\" \/>\n\t<meta property=\"og:image:width\" content=\"1600\" \/>\n\t<meta property=\"og:image:height\" content=\"1200\" \/>\n\t<meta property=\"og:image:type\" content=\"image\/jpeg\" \/>\n<meta name=\"author\" content=\"autoripress\" \/>\n<meta name=\"twitter:card\" content=\"summary_large_image\" \/>\n<meta name=\"twitter:label1\" content=\"Escrit per\" \/>\n\t<meta name=\"twitter:data1\" content=\"autoripress\" \/>\n\t<meta name=\"twitter:label2\" content=\"Temps estimat de lectura\" \/>\n\t<meta name=\"twitter:data2\" content=\"1 minut\" \/>\n<script type=\"application\/ld+json\" class=\"yoast-schema-graph\">{\"@context\":\"https:\/\/schema.org\",\"@graph\":[{\"@type\":\"Article\",\"@id\":\"https:\/\/mercapalma.net\/mercapalma-colabora-con-el-grup-guell\/#article\",\"isPartOf\":{\"@id\":\"https:\/\/mercapalma.net\/mercapalma-colabora-con-el-grup-guell\/\"},\"author\":{\"name\":\"autoripress\",\"@id\":\"https:\/\/mercapalma.net\/#\/schema\/person\/f20a2f005e0e12144d39fa2fc1496057\"},\"headline\":\"Mercapalma col\u00b7labora amb el Grup G\u00fcell\",\"datePublished\":\"2021-08-02T11:02:24+00:00\",\"mainEntityOfPage\":{\"@id\":\"https:\/\/mercapalma.net\/mercapalma-colabora-con-el-grup-guell\/\"},\"wordCount\":147,\"commentCount\":0,\"publisher\":{\"@id\":\"https:\/\/mercapalma.net\/#organization\"},\"image\":{\"@id\":\"https:\/\/mercapalma.net\/mercapalma-colabora-con-el-grup-guell\/#primaryimage\"},\"thumbnailUrl\":\"https:\/\/mercapalma.net\/wp-content\/uploads\/mercapalma-guell.jpeg\",\"articleSection\":[\"Noticies\"],\"inLanguage\":\"ca\",\"potentialAction\":[{\"@type\":\"CommentAction\",\"name\":\"Comment\",\"target\":[\"https:\/\/mercapalma.net\/mercapalma-colabora-con-el-grup-guell\/#respond\"]}]},{\"@type\":\"WebPage\",\"@id\":\"https:\/\/mercapalma.net\/mercapalma-colabora-con-el-grup-guell\/\",\"url\":\"https:\/\/mercapalma.net\/mercapalma-colabora-con-el-grup-guell\/\",\"name\":\"Mercapalma col\u00b7labora amb el Grup G\u00fcell - Mercapalma\",\"isPartOf\":{\"@id\":\"https:\/\/mercapalma.net\/#website\"},\"primaryImageOfPage\":{\"@id\":\"https:\/\/mercapalma.net\/mercapalma-colabora-con-el-grup-guell\/#primaryimage\"},\"image\":{\"@id\":\"https:\/\/mercapalma.net\/mercapalma-colabora-con-el-grup-guell\/#primaryimage\"},\"thumbnailUrl\":\"https:\/\/mercapalma.net\/wp-content\/uploads\/mercapalma-guell.jpeg\",\"datePublished\":\"2021-08-02T11:02:24+00:00\",\"breadcrumb\":{\"@id\":\"https:\/\/mercapalma.net\/mercapalma-colabora-con-el-grup-guell\/#breadcrumb\"},\"inLanguage\":\"ca\",\"potentialAction\":[{\"@type\":\"ReadAction\",\"target\":[\"https:\/\/mercapalma.net\/mercapalma-colabora-con-el-grup-guell\/\"]}]},{\"@type\":\"ImageObject\",\"inLanguage\":\"ca\",\"@id\":\"https:\/\/mercapalma.net\/mercapalma-colabora-con-el-grup-guell\/#primaryimage\",\"url\":\"https:\/\/mercapalma.net\/wp-content\/uploads\/mercapalma-guell.jpeg\",\"contentUrl\":\"https:\/\/mercapalma.net\/wp-content\/uploads\/mercapalma-guell.jpeg\",\"width\":1600,\"height\":1200},{\"@type\":\"BreadcrumbList\",\"@id\":\"https:\/\/mercapalma.net\/mercapalma-colabora-con-el-grup-guell\/#breadcrumb\",\"itemListElement\":[{\"@type\":\"ListItem\",\"position\":1,\"name\":\"Portada\",\"item\":\"https:\/\/mercapalma.net\/ca\/\"},{\"@type\":\"ListItem\",\"position\":2,\"name\":\"Mercapalma col\u00b7labora amb el Grup G\u00fcell\"}]},{\"@type\":\"WebSite\",\"@id\":\"https:\/\/mercapalma.net\/#website\",\"url\":\"https:\/\/mercapalma.net\/\",\"name\":\"Mercapalma\",\"description\":\"Mercados centrales de abastecimientos de Mallorca\",\"publisher\":{\"@id\":\"https:\/\/mercapalma.net\/#organization\"},\"potentialAction\":[{\"@type\":\"SearchAction\",\"target\":{\"@type\":\"EntryPoint\",\"urlTemplate\":\"https:\/\/mercapalma.net\/?s={search_term_string}\"},\"query-input\":{\"@type\":\"PropertyValueSpecification\",\"valueRequired\":true,\"valueName\":\"search_term_string\"}}],\"inLanguage\":\"ca\"},{\"@type\":\"Organization\",\"@id\":\"https:\/\/mercapalma.net\/#organization\",\"name\":\"Mercapalma\",\"url\":\"https:\/\/mercapalma.net\/\",\"logo\":{\"@type\":\"ImageObject\",\"inLanguage\":\"ca\",\"@id\":\"https:\/\/mercapalma.net\/#\/schema\/logo\/image\/\",\"url\":\"https:\/\/mercapalma.net\/wp-content\/uploads\/mercapalma.jpeg\",\"contentUrl\":\"https:\/\/mercapalma.net\/wp-content\/uploads\/mercapalma.jpeg\",\"width\":324,\"height\":200,\"caption\":\"Mercapalma\"},\"image\":{\"@id\":\"https:\/\/mercapalma.net\/#\/schema\/logo\/image\/\"},\"sameAs\":[\"https:\/\/www.facebook.com\/mercapalma.sa\",\"https:\/\/www.instagram.com\/mercapalma\/\"]},{\"@type\":\"Person\",\"@id\":\"https:\/\/mercapalma.net\/#\/schema\/person\/f20a2f005e0e12144d39fa2fc1496057\",\"name\":\"autoripress\",\"image\":{\"@type\":\"ImageObject\",\"inLanguage\":\"ca\",\"@id\":\"https:\/\/mercapalma.net\/#\/schema\/person\/image\/\",\"url\":\"https:\/\/secure.gravatar.com\/avatar\/8e23460bf094742a301ecd4741c5b42b22f6fd944b7a3e55260bb476eccfd123?s=96&d=mm&r=g\",\"contentUrl\":\"https:\/\/secure.gravatar.com\/avatar\/8e23460bf094742a301ecd4741c5b42b22f6fd944b7a3e55260bb476eccfd123?s=96&d=mm&r=g\",\"caption\":\"autoripress\"},\"sameAs\":[\"https:\/\/mercapalma.net\"],\"url\":\"https:\/\/mercapalma.net\/ca\/author\/autoripress\/\"}]}<\/script>\n<!-- \/ Yoast SEO plugin. -->","yoast_head_json":{"title":"Mercapalma col\u00b7labora amb el Grup G\u00fcell - Mercapalma","robots":{"index":"index","follow":"follow","max-snippet":"max-snippet:-1","max-image-preview":"max-image-preview:large","max-video-preview":"max-video-preview:-1"},"canonical":"https:\/\/mercapalma.net\/mercapalma-colabora-con-el-grup-guell\/","og_locale":"ca_ES","og_type":"article","og_title":"Mercapalma col\u00b7labora amb el Grup G\u00fcell - Mercapalma","og_description":"A causa del gran \u00e8xit de la recollida d&#8217;aliments d&#8217;enguany per part del Grup G\u00fcell, que en aquests moments superen els 40.000 quilos, Mercapalma cedeix les seves instal\u00b7lacions de manera gratu\u00efta per a poder gestionar aquest volum de productes d&#8217;alimentaci\u00f3 destinats a les fam\u00edlies necessitades. El Grup G\u00fcell t\u00e9 com a objectiu organitzar esdeveniments que [&hellip;]","og_url":"https:\/\/mercapalma.net\/mercapalma-colabora-con-el-grup-guell\/","og_site_name":"Mercapalma","article_publisher":"https:\/\/www.facebook.com\/mercapalma.sa","article_published_time":"2021-08-02T11:02:24+00:00","og_image":[{"width":1600,"height":1200,"url":"https:\/\/mercapalma.net\/wp-content\/uploads\/mercapalma-guell.jpeg","type":"image\/jpeg"}],"author":"autoripress","twitter_card":"summary_large_image","twitter_misc":{"Escrit per":"autoripress","Temps estimat de lectura":"1 minut"},"schema":{"@context":"https:\/\/schema.org","@graph":[{"@type":"Article","@id":"https:\/\/mercapalma.net\/mercapalma-colabora-con-el-grup-guell\/#article","isPartOf":{"@id":"https:\/\/mercapalma.net\/mercapalma-colabora-con-el-grup-guell\/"},"author":{"name":"autoripress","@id":"https:\/\/mercapalma.net\/#\/schema\/person\/f20a2f005e0e12144d39fa2fc1496057"},"headline":"Mercapalma col\u00b7labora amb el Grup G\u00fcell","datePublished":"2021-08-02T11:02:24+00:00","mainEntityOfPage":{"@id":"https:\/\/mercapalma.net\/mercapalma-colabora-con-el-grup-guell\/"},"wordCount":147,"commentCount":0,"publisher":{"@id":"https:\/\/mercapalma.net\/#organization"},"image":{"@id":"https:\/\/mercapalma.net\/mercapalma-colabora-con-el-grup-guell\/#primaryimage"},"thumbnailUrl":"https:\/\/mercapalma.net\/wp-content\/uploads\/mercapalma-guell.jpeg","articleSection":["Noticies"],"inLanguage":"ca","potentialAction":[{"@type":"CommentAction","name":"Comment","target":["https:\/\/mercapalma.net\/mercapalma-colabora-con-el-grup-guell\/#respond"]}]},{"@type":"WebPage","@id":"https:\/\/mercapalma.net\/mercapalma-colabora-con-el-grup-guell\/","url":"https:\/\/mercapalma.net\/mercapalma-colabora-con-el-grup-guell\/","name":"Mercapalma col\u00b7labora amb el Grup G\u00fcell - Mercapalma","isPartOf":{"@id":"https:\/\/mercapalma.net\/#website"},"primaryImageOfPage":{"@id":"https:\/\/mercapalma.net\/mercapalma-colabora-con-el-grup-guell\/#primaryimage"},"image":{"@id":"https:\/\/mercapalma.net\/mercapalma-colabora-con-el-grup-guell\/#primaryimage"},"thumbnailUrl":"https:\/\/mercapalma.net\/wp-content\/uploads\/mercapalma-guell.jpeg","datePublished":"2021-08-02T11:02:24+00:00","breadcrumb":{"@id":"https:\/\/mercapalma.net\/mercapalma-colabora-con-el-grup-guell\/#breadcrumb"},"inLanguage":"ca","potentialAction":[{"@type":"ReadAction","target":["https:\/\/mercapalma.net\/mercapalma-colabora-con-el-grup-guell\/"]}]},{"@type":"ImageObject","inLanguage":"ca","@id":"https:\/\/mercapalma.net\/mercapalma-colabora-con-el-grup-guell\/#primaryimage","url":"https:\/\/mercapalma.net\/wp-content\/uploads\/mercapalma-guell.jpeg","contentUrl":"https:\/\/mercapalma.net\/wp-content\/uploads\/mercapalma-guell.jpeg","width":1600,"height":1200},{"@type":"BreadcrumbList","@id":"https:\/\/mercapalma.net\/mercapalma-colabora-con-el-grup-guell\/#breadcrumb","itemListElement":[{"@type":"ListItem","position":1,"name":"Portada","item":"https:\/\/mercapalma.net\/ca\/"},{"@type":"ListItem","position":2,"name":"Mercapalma col\u00b7labora amb el Grup G\u00fcell"}]},{"@type":"WebSite","@id":"https:\/\/mercapalma.net\/#website","url":"https:\/\/mercapalma.net\/","name":"Mercapalma","description":"Mercados centrales de abastecimientos de Mallorca","publisher":{"@id":"https:\/\/mercapalma.net\/#organization"},"potentialAction":[{"@type":"SearchAction","target":{"@type":"EntryPoint","urlTemplate":"https:\/\/mercapalma.net\/?s={search_term_string}"},"query-input":{"@type":"PropertyValueSpecification","valueRequired":true,"valueName":"search_term_string"}}],"inLanguage":"ca"},{"@type":"Organization","@id":"https:\/\/mercapalma.net\/#organization","name":"Mercapalma","url":"https:\/\/mercapalma.net\/","logo":{"@type":"ImageObject","inLanguage":"ca","@id":"https:\/\/mercapalma.net\/#\/schema\/logo\/image\/","url":"https:\/\/mercapalma.net\/wp-content\/uploads\/mercapalma.jpeg","contentUrl":"https:\/\/mercapalma.net\/wp-content\/uploads\/mercapalma.jpeg","width":324,"height":200,"caption":"Mercapalma"},"image":{"@id":"https:\/\/mercapalma.net\/#\/schema\/logo\/image\/"},"sameAs":["https:\/\/www.facebook.com\/mercapalma.sa","https:\/\/www.instagram.com\/mercapalma\/"]},{"@type":"Person","@id":"https:\/\/mercapalma.net\/#\/schema\/person\/f20a2f005e0e12144d39fa2fc1496057","name":"autoripress","image":{"@type":"ImageObject","inLanguage":"ca","@id":"https:\/\/mercapalma.net\/#\/schema\/person\/image\/","url":"https:\/\/secure.gravatar.com\/avatar\/8e23460bf094742a301ecd4741c5b42b22f6fd944b7a3e55260bb476eccfd123?s=96&d=mm&r=g","contentUrl":"https:\/\/secure.gravatar.com\/avatar\/8e23460bf094742a301ecd4741c5b42b22f6fd944b7a3e55260bb476eccfd123?s=96&d=mm&r=g","caption":"autoripress"},"sameAs":["https:\/\/mercapalma.net"],"url":"https:\/\/mercapalma.net\/ca\/author\/autoripress\/"}]}},"_links":{"self":[{"href":"https:\/\/mercapalma.net\/ca\/wp-json\/wp\/v2\/posts\/18476","targetHints":{"allow":["GET"]}}],"collection":[{"href":"https:\/\/mercapalma.net\/ca\/wp-json\/wp\/v2\/posts"}],"about":[{"href":"https:\/\/mercapalma.net\/ca\/wp-json\/wp\/v2\/types\/post"}],"author":[{"embeddable":true,"href":"https:\/\/mercapalma.net\/ca\/wp-json\/wp\/v2\/users\/1"}],"replies":[{"embeddable":true,"href":"https:\/\/mercapalma.net\/ca\/wp-json\/wp\/v2\/comments?post=18476"}],"version-history":[{"count":0,"href":"https:\/\/mercapalma.net\/ca\/wp-json\/wp\/v2\/posts\/18476\/revisions"}],"wp:featuredmedia":[{"embeddable":true,"href":"https:\/\/mercapalma.net\/ca\/wp-json\/wp\/v2\/media\/18473"}],"wp:attachment":[{"href":"https:\/\/mercapalma.net\/ca\/wp-json\/wp\/v2\/media?parent=18476"}],"wp:term":[{"taxonomy":"category","embeddable":true,"href":"https:\/\/mercapalma.net\/ca\/wp-json\/wp\/v2\/categories?post=18476"},{"taxonomy":"post_tag","embeddable":true,"href":"https:\/\/mercapalma.net\/ca\/wp-json\/wp\/v2\/tags?post=18476"}],"curies":[{"name":"wp","href":"https:\/\/api.w.org\/{rel}","templated":true}]}}